{"id":1775,"date":"2024-12-19T14:01:43","date_gmt":"2024-12-19T13:01:43","guid":{"rendered":"https:\/\/www2.boris45.com\/22-o-edicion-de-los-premios-acra\/"},"modified":"2025-01-17T10:50:55","modified_gmt":"2025-01-17T09:50:55","slug":"22-o-edicion-de-los-premios-acra","status":"publish","type":"post","link":"https:\/\/www.boris45.com\/es\/22-o-edicion-de-los-premios-acra\/","title":{"rendered":"22.\u00ba edici\u00f3n de los Premios ACRA"},"content":{"rendered":"\n<p>Esta semana, <strong>Boris 45 ha tenido el honor de patrocinar la 22.\u00aa edici\u00f3n de los Premios ACRA<\/strong>, un acto inolvidable que reuni\u00f3 a m\u00e1s de 450 personas comprometidas con la mejora del bienestar y la calidad de vida de las personas. La gala fue todo un \u00e9xito, con la presencia de  <a href=\"https:\/\/www.linkedin.com\/in\/ACoAAAivkFABAiEPexxYufR96vh5__WuF4a6IvQ\"><\/a><a href=\"https:\/\/www.linkedin.com\/in\/mireia-s%C3%A1nchez-mart%C3%ADnez-86897640\/\">Mireia S\u00e1nchez Mart\u00ednez<\/a>, <a href=\"https:\/\/www.linkedin.com\/in\/ACoAABpeKw0BmC6RTHMXN-KUEoE38ssjs-3JO5E\"><\/a><a href=\"https:\/\/www.linkedin.com\/in\/elisabet-cruz-cruselles-46519a104\/\">Elisabet Cruz Cruselles<\/a> y <a href=\"https:\/\/www.linkedin.com\/in\/ACoAAALpOLcBrKdJC7dfbNPI15QNViEegmAsx4U\"><\/a><a href=\"https:\/\/www.linkedin.com\/in\/vicen%C3%A7-marr%C3%A8-soler-27343314\/\">Vicen\u00e7 Marr\u00e8 Soler<\/a>, representando a Boris 45 en un acontecimiento que destac\u00f3 el esfuerzo y la dedicaci\u00f3n de todos los profesionales del sector de atenci\u00f3n a la dependencia.<br\/><br\/>Uno de los momentos m\u00e1s destacados de la noche fue el reconocimiento a la <a href=\"https:\/\/www.linkedin.com\/company\/novaedat-centros-residenciales\/\">Novaedat Centros Residenciales<\/a> de Sedav\u00ed, que recibi\u00f3 un premio muy especial por su actuaci\u00f3n heroica durante las inundaciones de la DANA. Este equipo fue capaz de trasladar a m\u00e1s de un centenar de personas usuarias en los pisos superiores del centro, salv\u00e1ndolas del agua que inund\u00f3 las instalaciones. Un ejemplo de valent\u00eda y compromiso que nos emocion\u00f3 a todos.  <br\/><br\/>Adem\u00e1s <a href=\"https:\/\/www.linkedin.com\/in\/ACoAAAG3bvIB07S-booncUJSA645OEthqvqUNMA\"><\/a><a href=\"https:\/\/www.linkedin.com\/in\/montse-llopis-b027899\/\">Montse Llopis<\/a>, Directora General de<a href=\"https:\/\/www.linkedin.com\/company\/acragentgran\/\">Associaci\u00f3 Catalana de Recursos Assistencials (ACRA)<\/a>, reconocida con el premio a la mejor trayectoria profesional. Sus 28 a\u00f1os de dedicaci\u00f3n al sector y a la asociaci\u00f3n fueron celebrados con una ovaci\u00f3n de toda la sala. Un sincero agradecimiento por su tarea incansable y por hacer de ACRA el m\u00e1ximo referente en la atenci\u00f3n a los mayores en Catalu\u00f1a. Montserrat dedic\u00f3 este premio a todo el sector y a sus asociados, destacando la importancia del trabajo conjunto.   <br\/><br\/>Otra de las grandes emociones de la noche fue el agradecimiento a ACRA por su trabajo a lo largo de 35 a\u00f1os, tiempo en el que la asociaci\u00f3n ha llegado a ser el m\u00e1ximo referente del sector de atenci\u00f3n a la dependencia en Catalu\u00f1a. En el acto estuvo presente la Consejera de Derechos Sociales e inclusi\u00f3n,  <a href=\"https:\/\/www.linkedin.com\/in\/ACoAADplNHQBIeShkDlqzwf1SoZCOJIBCXQRsFY\"><\/a><a href=\"https:\/\/www.linkedin.com\/in\/monicamartinezbravo\/\">M\u00f2nica Mart\u00ednez Bravo<\/a>, quien habl\u00f3 de la necesidad urgente de incrementar la inversi\u00f3n en el sector.<br\/><br\/>Pero los Premios ACRA no fueron solo un reconocimiento a trayectorias individuales, sino tambi\u00e9n un homenaje al trabajo colectivo y a las iniciativas innovadoras que contribuyen a mejorar el sector. En la nueva categor\u00eda de Innovaci\u00f3n e impacto Social, se premiaron iniciativas como el proyecto \u00abNo est\u00e1s solo\u00bb de la Residencia Maragall y \u00abResidencia del Arte\u00bb de la Fundaci\u00f3n Bon\u00c0rea, que fomentan la integraci\u00f3n social y el bienestar de las personas usuarias a trav\u00e9s de la cultura y la innovaci\u00f3n. <br\/><br\/>Esta edici\u00f3n de los <strong>Premios ACRA<\/strong> os recuerda la importancia de seguir trabajando juntos por la mejora de la atenci\u00f3n a la dependencia para conseguir una sociedad m\u00e1s justa y solidaria con las personas mayores. Desde Boris 45, seguiremos apostando por el apoyo y la colaboraci\u00f3n con el sector para garantizar el bienestar de las personas m\u00e1s vulnerables. <br\/><br\/><strong>Felicidades a todos los ganadores, y un agradecimiento a todos los profesionales que d\u00eda a d\u00eda trabajan con pasi\u00f3n y dedicaci\u00f3n para mejorar la calidad de vida de las personas mayores y dependientes.<\/strong><\/p>\n\n<figure class=\"wp-block-gallery has-nested-images columns-default is-cropped wp-block-gallery-1 is-layout-flex wp-block-gallery-is-layout-flex\">\n<figure class=\"wp-block-image size-large\"><img fetchpriority=\"high\" decoding=\"async\" width=\"1024\" height=\"681\" data-id=\"1348\" src=\"https:\/\/www.boris45.com\/wp-content\/uploads\/2024\/12\/premis-acra-boris45-02-1024x681.jpeg\" alt=\"\" class=\"wp-image-1348\" srcset=\"https:\/\/www.boris45.com\/wp-content\/uploads\/2024\/12\/premis-acra-boris45-02-1024x681.jpeg 1024w, https:\/\/www.boris45.com\/wp-content\/uploads\/2024\/12\/premis-acra-boris45-02-300x200.jpeg 300w, https:\/\/www.boris45.com\/wp-content\/uploads\/2024\/12\/premis-acra-boris45-02-768x511.jpeg 768w, https:\/\/www.boris45.com\/wp-content\/uploads\/2024\/12\/premis-acra-boris45-02.jpeg 1439w\" sizes=\"(max-width: 1024px) 100vw, 1024px\" \/><\/figure>\n\n\n\n<figure class=\"wp-block-image size-large\"><img decoding=\"async\" width=\"1024\" height=\"681\" data-id=\"1346\" src=\"https:\/\/www.boris45.com\/wp-content\/uploads\/2024\/12\/premis-acra-boris45-04-1024x681.jpeg\" alt=\"\" class=\"wp-image-1346\" srcset=\"https:\/\/www.boris45.com\/wp-content\/uploads\/2024\/12\/premis-acra-boris45-04-1024x681.jpeg 1024w, https:\/\/www.boris45.com\/wp-content\/uploads\/2024\/12\/premis-acra-boris45-04-300x200.jpeg 300w, https:\/\/www.boris45.com\/wp-content\/uploads\/2024\/12\/premis-acra-boris45-04-768x511.jpeg 768w, https:\/\/www.boris45.com\/wp-content\/uploads\/2024\/12\/premis-acra-boris45-04.jpeg 1439w\" sizes=\"(max-width: 1024px) 100vw, 1024px\" \/><\/figure>\n\n\n\n<figure class=\"wp-block-image size-large\"><img decoding=\"async\" width=\"1024\" height=\"681\" data-id=\"1347\" src=\"https:\/\/www.boris45.com\/wp-content\/uploads\/2024\/12\/premis-acra-boris45-03-1024x681.jpeg\" alt=\"\" class=\"wp-image-1347\" srcset=\"https:\/\/www.boris45.com\/wp-content\/uploads\/2024\/12\/premis-acra-boris45-03-1024x681.jpeg 1024w, https:\/\/www.boris45.com\/wp-content\/uploads\/2024\/12\/premis-acra-boris45-03-300x200.jpeg 300w, https:\/\/www.boris45.com\/wp-content\/uploads\/2024\/12\/premis-acra-boris45-03-768x511.jpeg 768w, https:\/\/www.boris45.com\/wp-content\/uploads\/2024\/12\/premis-acra-boris45-03.jpeg 1439w\" sizes=\"(max-width: 1024px) 100vw, 1024px\" \/><\/figure>\n\n\n\n<figure class=\"wp-block-image size-large\"><img loading=\"lazy\" decoding=\"async\" width=\"1024\" height=\"769\" data-id=\"1349\" src=\"https:\/\/www.boris45.com\/wp-content\/uploads\/2024\/12\/premis-acra-boris45-01-1024x769.jpeg\" alt=\"\" class=\"wp-image-1349\" srcset=\"https:\/\/www.boris45.com\/wp-content\/uploads\/2024\/12\/premis-acra-boris45-01-1024x769.jpeg 1024w, https:\/\/www.boris45.com\/wp-content\/uploads\/2024\/12\/premis-acra-boris45-01-300x225.jpeg 300w, https:\/\/www.boris45.com\/wp-content\/uploads\/2024\/12\/premis-acra-boris45-01-768x577.jpeg 768w, https:\/\/www.boris45.com\/wp-content\/uploads\/2024\/12\/premis-acra-boris45-01-1536x1153.jpeg 1536w, https:\/\/www.boris45.com\/wp-content\/uploads\/2024\/12\/premis-acra-boris45-01.jpeg 2046w\" sizes=\"(max-width: 1024px) 100vw, 1024px\" \/><\/figure>\n<\/figure>\n","protected":false},"excerpt":{"rendered":"<p>Esta semana, Boris 45 ha tenido el honor de patrocinar la 22.\u00aa edici\u00f3n de los Premios ACRA, un acto inolvidable que reuni\u00f3 a m\u00e1s de 450 personas comprometidas con la mejora del bienestar y la calidad de vida de las personas. La gala fue todo un \u00e9xito, con la presencia de Mireia S\u00e1nchez Mart\u00ednez, Elisabet [&hellip;]<\/p>\n","protected":false},"author":1,"featured_media":1591,"comment_status":"open","ping_status":"open","sticky":false,"template":"","format":"standard","meta":{"footnotes":""},"categories":[12],"tags":[],"class_list":["post-1775","post","type-post","status-publish","format-standard","has-post-thumbnail","hentry","category-sin-categorizar"],"yoast_head":"<!-- This site is optimized with the Yoast SEO plugin v27.1.1 - https:\/\/yoast.com\/product\/yoast-seo-wordpress\/ -->\n<title>22.\u00ba edici\u00f3n de los Premios ACRA - Boris 45<\/title>\n<meta name=\"description\" content=\"Esta semana, Boris 45 ha tenido el honor de patrocinar la 22.\u00aa edici\u00f3n de los Premios ACRA, un acto inolvidable que reuni\u00f3 a m\u00e1s de 450 personas\" \/>\n<meta name=\"robots\" content=\"noindex, follow, max-snippet:-1, max-image-preview:large, max-video-preview:-1\" \/>\n<meta property=\"og:locale\" content=\"es_ES\" \/>\n<meta property=\"og:type\" content=\"article\" \/>\n<meta property=\"og:title\" content=\"22.\u00ba edici\u00f3n de los Premios ACRA - Boris 45\" \/>\n<meta property=\"og:description\" content=\"Esta semana, Boris 45 ha tenido el honor de patrocinar la 22.\u00aa edici\u00f3n de los Premios ACRA, un acto inolvidable que reuni\u00f3 a m\u00e1s de 450 personas\" \/>\n<meta property=\"og:url\" content=\"https:\/\/www.boris45.com\/22a-edicio-dels-premis-acra\/\" \/>\n<meta property=\"og:site_name\" content=\"Boris 45\" \/>\n<meta property=\"article:published_time\" content=\"2024-12-19T13:01:43+00:00\" \/>\n<meta property=\"article:modified_time\" content=\"2025-01-17T09:50:55+00:00\" \/>\n<meta property=\"og:image\" content=\"https:\/\/www.boris45.com\/wp-content\/uploads\/2024\/12\/premis-acra-boris45-02.jpeg\" \/>\n\t<meta property=\"og:image:width\" content=\"1439\" \/>\n\t<meta property=\"og:image:height\" content=\"957\" \/>\n\t<meta property=\"og:image:type\" content=\"image\/jpeg\" \/>\n<meta name=\"author\" content=\"elevenwebs\" \/>\n<meta name=\"twitter:card\" content=\"summary_large_image\" \/>\n<meta name=\"twitter:label1\" content=\"Escrito por\" \/>\n\t<meta name=\"twitter:data1\" content=\"elevenwebs\" \/>\n\t<meta name=\"twitter:label2\" content=\"Tiempo de lectura\" \/>\n\t<meta name=\"twitter:data2\" content=\"3 minutos\" \/>\n<script type=\"application\/ld+json\" class=\"yoast-schema-graph\">{\"@context\":\"https:\/\/schema.org\",\"@graph\":[{\"@type\":\"Article\",\"@id\":\"https:\/\/www.boris45.com\/22a-edicio-dels-premis-acra\/#article\",\"isPartOf\":{\"@id\":\"https:\/\/www.boris45.com\/22a-edicio-dels-premis-acra\/\"},\"author\":{\"name\":\"elevenwebs\",\"@id\":\"https:\/\/www.boris45.com\/#\/schema\/person\/a8d91d3754aeac108fd7e37617dbd82d\"},\"headline\":\"22.\u00ba edici\u00f3n de los Premios ACRA\",\"datePublished\":\"2024-12-19T13:01:43+00:00\",\"dateModified\":\"2025-01-17T09:50:55+00:00\",\"mainEntityOfPage\":{\"@id\":\"https:\/\/www.boris45.com\/22a-edicio-dels-premis-acra\/\"},\"wordCount\":528,\"commentCount\":0,\"publisher\":{\"@id\":\"https:\/\/www.boris45.com\/#organization\"},\"image\":{\"@id\":\"https:\/\/www.boris45.com\/22a-edicio-dels-premis-acra\/#primaryimage\"},\"thumbnailUrl\":\"https:\/\/www.boris45.com\/wp-content\/uploads\/2024\/12\/premis-acra-boris45-02.jpeg\",\"articleSection\":[\"Sin categorizar\"],\"inLanguage\":\"es\",\"potentialAction\":[{\"@type\":\"CommentAction\",\"name\":\"Comment\",\"target\":[\"https:\/\/www.boris45.com\/22a-edicio-dels-premis-acra\/#respond\"]}]},{\"@type\":\"WebPage\",\"@id\":\"https:\/\/www.boris45.com\/22a-edicio-dels-premis-acra\/\",\"url\":\"https:\/\/www.boris45.com\/22a-edicio-dels-premis-acra\/\",\"name\":\"22.\u00ba edici\u00f3n de los Premios ACRA - Boris 45\",\"isPartOf\":{\"@id\":\"https:\/\/www.boris45.com\/#website\"},\"primaryImageOfPage\":{\"@id\":\"https:\/\/www.boris45.com\/22a-edicio-dels-premis-acra\/#primaryimage\"},\"image\":{\"@id\":\"https:\/\/www.boris45.com\/22a-edicio-dels-premis-acra\/#primaryimage\"},\"thumbnailUrl\":\"https:\/\/www.boris45.com\/wp-content\/uploads\/2024\/12\/premis-acra-boris45-02.jpeg\",\"datePublished\":\"2024-12-19T13:01:43+00:00\",\"dateModified\":\"2025-01-17T09:50:55+00:00\",\"description\":\"Esta semana, Boris 45 ha tenido el honor de patrocinar la 22.\u00aa edici\u00f3n de los Premios ACRA, un acto inolvidable que reuni\u00f3 a m\u00e1s de 450 personas\",\"breadcrumb\":{\"@id\":\"https:\/\/www.boris45.com\/22a-edicio-dels-premis-acra\/#breadcrumb\"},\"inLanguage\":\"es\",\"potentialAction\":[{\"@type\":\"ReadAction\",\"target\":[\"https:\/\/www.boris45.com\/22a-edicio-dels-premis-acra\/\"]}]},{\"@type\":\"ImageObject\",\"inLanguage\":\"es\",\"@id\":\"https:\/\/www.boris45.com\/22a-edicio-dels-premis-acra\/#primaryimage\",\"url\":\"https:\/\/www.boris45.com\/wp-content\/uploads\/2024\/12\/premis-acra-boris45-02.jpeg\",\"contentUrl\":\"https:\/\/www.boris45.com\/wp-content\/uploads\/2024\/12\/premis-acra-boris45-02.jpeg\",\"width\":1439,\"height\":957},{\"@type\":\"BreadcrumbList\",\"@id\":\"https:\/\/www.boris45.com\/22a-edicio-dels-premis-acra\/#breadcrumb\",\"itemListElement\":[{\"@type\":\"ListItem\",\"position\":1,\"name\":\"Portada\",\"item\":\"https:\/\/www.boris45.com\/es\/inicio\/\"},{\"@type\":\"ListItem\",\"position\":2,\"name\":\"22.\u00ba edici\u00f3n de los Premios ACRA\"}]},{\"@type\":\"WebSite\",\"@id\":\"https:\/\/www.boris45.com\/#website\",\"url\":\"https:\/\/www.boris45.com\/\",\"name\":\"Boris 45\",\"description\":\"Serveis de Restauraci\u00f3 per a Col\u00b7lectivitats\",\"publisher\":{\"@id\":\"https:\/\/www.boris45.com\/#organization\"},\"potentialAction\":[{\"@type\":\"SearchAction\",\"target\":{\"@type\":\"EntryPoint\",\"urlTemplate\":\"https:\/\/www.boris45.com\/?s={search_term_string}\"},\"query-input\":{\"@type\":\"PropertyValueSpecification\",\"valueRequired\":true,\"valueName\":\"search_term_string\"}}],\"inLanguage\":\"es\"},{\"@type\":\"Organization\",\"@id\":\"https:\/\/www.boris45.com\/#organization\",\"name\":\"Boris 45\",\"url\":\"https:\/\/www.boris45.com\/\",\"logo\":{\"@type\":\"ImageObject\",\"inLanguage\":\"es\",\"@id\":\"https:\/\/www.boris45.com\/#\/schema\/logo\/image\/\",\"url\":\"https:\/\/www.boris45.com\/wp-content\/uploads\/2024\/11\/logo-boris-45-blanc.png\",\"contentUrl\":\"https:\/\/www.boris45.com\/wp-content\/uploads\/2024\/11\/logo-boris-45-blanc.png\",\"width\":845,\"height\":594,\"caption\":\"Boris 45\"},\"image\":{\"@id\":\"https:\/\/www.boris45.com\/#\/schema\/logo\/image\/\"}},{\"@type\":\"Person\",\"@id\":\"https:\/\/www.boris45.com\/#\/schema\/person\/a8d91d3754aeac108fd7e37617dbd82d\",\"name\":\"elevenwebs\",\"image\":{\"@type\":\"ImageObject\",\"inLanguage\":\"es\",\"@id\":\"https:\/\/www.boris45.com\/#\/schema\/person\/image\/\",\"url\":\"https:\/\/secure.gravatar.com\/avatar\/eb62249cc102d17f7c98fef495611ff49038b9be891928ef801d1b5f5ad76198?s=96&d=mm&r=g\",\"contentUrl\":\"https:\/\/secure.gravatar.com\/avatar\/eb62249cc102d17f7c98fef495611ff49038b9be891928ef801d1b5f5ad76198?s=96&d=mm&r=g\",\"caption\":\"elevenwebs\"},\"sameAs\":[\"https:\/\/www.boris45.com\"]}]}<\/script>\n<!-- \/ Yoast SEO plugin. -->","yoast_head_json":{"title":"22.\u00ba edici\u00f3n de los Premios ACRA - Boris 45","description":"Esta semana, Boris 45 ha tenido el honor de patrocinar la 22.\u00aa edici\u00f3n de los Premios ACRA, un acto inolvidable que reuni\u00f3 a m\u00e1s de 450 personas","robots":{"index":"noindex","follow":"follow","max-snippet":"max-snippet:-1","max-image-preview":"max-image-preview:large","max-video-preview":"max-video-preview:-1"},"og_locale":"es_ES","og_type":"article","og_title":"22.\u00ba edici\u00f3n de los Premios ACRA - Boris 45","og_description":"Esta semana, Boris 45 ha tenido el honor de patrocinar la 22.\u00aa edici\u00f3n de los Premios ACRA, un acto inolvidable que reuni\u00f3 a m\u00e1s de 450 personas","og_url":"https:\/\/www.boris45.com\/22a-edicio-dels-premis-acra\/","og_site_name":"Boris 45","article_published_time":"2024-12-19T13:01:43+00:00","article_modified_time":"2025-01-17T09:50:55+00:00","og_image":[{"width":1439,"height":957,"url":"https:\/\/www.boris45.com\/wp-content\/uploads\/2024\/12\/premis-acra-boris45-02.jpeg","type":"image\/jpeg"}],"author":"elevenwebs","twitter_card":"summary_large_image","twitter_misc":{"Escrito por":"elevenwebs","Tiempo de lectura":"3 minutos"},"schema":{"@context":"https:\/\/schema.org","@graph":[{"@type":"Article","@id":"https:\/\/www.boris45.com\/22a-edicio-dels-premis-acra\/#article","isPartOf":{"@id":"https:\/\/www.boris45.com\/22a-edicio-dels-premis-acra\/"},"author":{"name":"elevenwebs","@id":"https:\/\/www.boris45.com\/#\/schema\/person\/a8d91d3754aeac108fd7e37617dbd82d"},"headline":"22.\u00ba edici\u00f3n de los Premios ACRA","datePublished":"2024-12-19T13:01:43+00:00","dateModified":"2025-01-17T09:50:55+00:00","mainEntityOfPage":{"@id":"https:\/\/www.boris45.com\/22a-edicio-dels-premis-acra\/"},"wordCount":528,"commentCount":0,"publisher":{"@id":"https:\/\/www.boris45.com\/#organization"},"image":{"@id":"https:\/\/www.boris45.com\/22a-edicio-dels-premis-acra\/#primaryimage"},"thumbnailUrl":"https:\/\/www.boris45.com\/wp-content\/uploads\/2024\/12\/premis-acra-boris45-02.jpeg","articleSection":["Sin categorizar"],"inLanguage":"es","potentialAction":[{"@type":"CommentAction","name":"Comment","target":["https:\/\/www.boris45.com\/22a-edicio-dels-premis-acra\/#respond"]}]},{"@type":"WebPage","@id":"https:\/\/www.boris45.com\/22a-edicio-dels-premis-acra\/","url":"https:\/\/www.boris45.com\/22a-edicio-dels-premis-acra\/","name":"22.\u00ba edici\u00f3n de los Premios ACRA - Boris 45","isPartOf":{"@id":"https:\/\/www.boris45.com\/#website"},"primaryImageOfPage":{"@id":"https:\/\/www.boris45.com\/22a-edicio-dels-premis-acra\/#primaryimage"},"image":{"@id":"https:\/\/www.boris45.com\/22a-edicio-dels-premis-acra\/#primaryimage"},"thumbnailUrl":"https:\/\/www.boris45.com\/wp-content\/uploads\/2024\/12\/premis-acra-boris45-02.jpeg","datePublished":"2024-12-19T13:01:43+00:00","dateModified":"2025-01-17T09:50:55+00:00","description":"Esta semana, Boris 45 ha tenido el honor de patrocinar la 22.\u00aa edici\u00f3n de los Premios ACRA, un acto inolvidable que reuni\u00f3 a m\u00e1s de 450 personas","breadcrumb":{"@id":"https:\/\/www.boris45.com\/22a-edicio-dels-premis-acra\/#breadcrumb"},"inLanguage":"es","potentialAction":[{"@type":"ReadAction","target":["https:\/\/www.boris45.com\/22a-edicio-dels-premis-acra\/"]}]},{"@type":"ImageObject","inLanguage":"es","@id":"https:\/\/www.boris45.com\/22a-edicio-dels-premis-acra\/#primaryimage","url":"https:\/\/www.boris45.com\/wp-content\/uploads\/2024\/12\/premis-acra-boris45-02.jpeg","contentUrl":"https:\/\/www.boris45.com\/wp-content\/uploads\/2024\/12\/premis-acra-boris45-02.jpeg","width":1439,"height":957},{"@type":"BreadcrumbList","@id":"https:\/\/www.boris45.com\/22a-edicio-dels-premis-acra\/#breadcrumb","itemListElement":[{"@type":"ListItem","position":1,"name":"Portada","item":"https:\/\/www.boris45.com\/es\/inicio\/"},{"@type":"ListItem","position":2,"name":"22.\u00ba edici\u00f3n de los Premios ACRA"}]},{"@type":"WebSite","@id":"https:\/\/www.boris45.com\/#website","url":"https:\/\/www.boris45.com\/","name":"Boris 45","description":"Serveis de Restauraci\u00f3 per a Col\u00b7lectivitats","publisher":{"@id":"https:\/\/www.boris45.com\/#organization"},"potentialAction":[{"@type":"SearchAction","target":{"@type":"EntryPoint","urlTemplate":"https:\/\/www.boris45.com\/?s={search_term_string}"},"query-input":{"@type":"PropertyValueSpecification","valueRequired":true,"valueName":"search_term_string"}}],"inLanguage":"es"},{"@type":"Organization","@id":"https:\/\/www.boris45.com\/#organization","name":"Boris 45","url":"https:\/\/www.boris45.com\/","logo":{"@type":"ImageObject","inLanguage":"es","@id":"https:\/\/www.boris45.com\/#\/schema\/logo\/image\/","url":"https:\/\/www.boris45.com\/wp-content\/uploads\/2024\/11\/logo-boris-45-blanc.png","contentUrl":"https:\/\/www.boris45.com\/wp-content\/uploads\/2024\/11\/logo-boris-45-blanc.png","width":845,"height":594,"caption":"Boris 45"},"image":{"@id":"https:\/\/www.boris45.com\/#\/schema\/logo\/image\/"}},{"@type":"Person","@id":"https:\/\/www.boris45.com\/#\/schema\/person\/a8d91d3754aeac108fd7e37617dbd82d","name":"elevenwebs","image":{"@type":"ImageObject","inLanguage":"es","@id":"https:\/\/www.boris45.com\/#\/schema\/person\/image\/","url":"https:\/\/secure.gravatar.com\/avatar\/eb62249cc102d17f7c98fef495611ff49038b9be891928ef801d1b5f5ad76198?s=96&d=mm&r=g","contentUrl":"https:\/\/secure.gravatar.com\/avatar\/eb62249cc102d17f7c98fef495611ff49038b9be891928ef801d1b5f5ad76198?s=96&d=mm&r=g","caption":"elevenwebs"},"sameAs":["https:\/\/www.boris45.com"]}]}},"_links":{"self":[{"href":"https:\/\/www.boris45.com\/es\/wp-json\/wp\/v2\/posts\/1775","targetHints":{"allow":["GET"]}}],"collection":[{"href":"https:\/\/www.boris45.com\/es\/wp-json\/wp\/v2\/posts"}],"about":[{"href":"https:\/\/www.boris45.com\/es\/wp-json\/wp\/v2\/types\/post"}],"author":[{"embeddable":true,"href":"https:\/\/www.boris45.com\/es\/wp-json\/wp\/v2\/users\/1"}],"replies":[{"embeddable":true,"href":"https:\/\/www.boris45.com\/es\/wp-json\/wp\/v2\/comments?post=1775"}],"version-history":[{"count":1,"href":"https:\/\/www.boris45.com\/es\/wp-json\/wp\/v2\/posts\/1775\/revisions"}],"predecessor-version":[{"id":1776,"href":"https:\/\/www.boris45.com\/es\/wp-json\/wp\/v2\/posts\/1775\/revisions\/1776"}],"wp:featuredmedia":[{"embeddable":true,"href":"https:\/\/www.boris45.com\/es\/wp-json\/wp\/v2\/media\/1591"}],"wp:attachment":[{"href":"https:\/\/www.boris45.com\/es\/wp-json\/wp\/v2\/media?parent=1775"}],"wp:term":[{"taxonomy":"category","embeddable":true,"href":"https:\/\/www.boris45.com\/es\/wp-json\/wp\/v2\/categories?post=1775"},{"taxonomy":"post_tag","embeddable":true,"href":"https:\/\/www.boris45.com\/es\/wp-json\/wp\/v2\/tags?post=1775"}],"curies":[{"name":"wp","href":"https:\/\/api.w.org\/{rel}","templated":true}]}}