{"id":1777,"date":"2025-01-13T11:16:46","date_gmt":"2025-01-13T10:16:46","guid":{"rendered":"https:\/\/www2.boris45.com\/el-hospital-universitario-de-igualada-recibe-la-acreditacion-amed-en-los-espacios-gestionados-por-boris45\/"},"modified":"2025-01-17T10:52:31","modified_gmt":"2025-01-17T09:52:31","slug":"el-hospital-universitario-de-igualada-recibe-la-acreditacion-amed-en-los-espacios-gestionados-por-boris45","status":"publish","type":"post","link":"https:\/\/www.boris45.com\/es\/el-hospital-universitario-de-igualada-recibe-la-acreditacion-amed-en-los-espacios-gestionados-por-boris45\/","title":{"rendered":"\u00a1El Hospital Universitario de Igualada recibe la acreditaci\u00f3n Amed en los espacios gestionados por Boris45!"},"content":{"rendered":"\n<p>Nos complace anunciar que el Hospital Universitario de Igualada ha sido acreditado con el distintivo Amed y el certificado de adhesi\u00f3n a la campa\u00f1a \u00abAqu\u00ed s\u00ed. Fruta y salud\u00bb por parte de la Agencia de Salud P\u00fablica de Catalu\u00f1a! <br\/><br\/>Esta acreditaci\u00f3n pone en valor la apuesta del hospital por una alimentaci\u00f3n saludable y equilibrada, inspirada en la dieta mediterr\u00e1nea, en los espacios gestionados por Boris45 Tanto el comedor laboral como la cafeter\u00eda ofrecen opciones basadas en:<\/p>\n\n<ul class=\"wp-block-list\">\n<li>Ingredients frescos i de temporada<\/li>\n\n\n\n<li>Productos integrales, verduras, legumbres, y prote\u00ednas a la plancha<\/li>\n\n\n\n<li>Fruta fresca y l\u00e1cteos sin az\u00facares a\u00f1adidos como postre<\/li>\n\n\n\n<li>Aigua gratu\u00efta i oli d\u2019oliva per amanir i cuinar<\/li>\n<\/ul>\n\n<p><br\/>Este reconocimiento coincide con el D\u00eda Mundial de la Alimentaci\u00f3n, celebrando el derecho a los alimentos por una vida y futuro mejor. Desde Boris45, nos enorgullecemos de colaborar con el Hospital Universitario de Igualada para promover una alimentaci\u00f3n saludable en beneficio de pacientes, trabajadores y visitantes. <\/p>\n\n<p>\u00a1Gracias a la Agencia de Salud P\u00fablica por esta acreditaci\u00f3n y al equipo de Boris45 y del hospital por hacerlo posible!<\/p>\n\n<figure class=\"wp-block-gallery has-nested-images columns-default is-cropped wp-block-gallery-1 is-layout-flex wp-block-gallery-is-layout-flex\"><\/figure>\n","protected":false},"excerpt":{"rendered":"<p>Nos complace anunciar que el Hospital Universitario de Igualada ha sido acreditado con el distintivo Amed y el certificado de adhesi\u00f3n a la campa\u00f1a \u00abAqu\u00ed s\u00ed. Fruta y salud\u00bb por parte de la Agencia de Salud P\u00fablica de Catalu\u00f1a! Esta acreditaci\u00f3n pone en valor la apuesta del hospital por una alimentaci\u00f3n saludable y equilibrada, inspirada [&hellip;]<\/p>\n","protected":false},"author":1,"featured_media":1622,"comment_status":"open","ping_status":"open","sticky":false,"template":"","format":"standard","meta":{"footnotes":""},"categories":[12],"tags":[32,31,33],"class_list":["post-1777","post","type-post","status-publish","format-standard","has-post-thumbnail","hentry","category-sin-categorizar","tag-amed-es","tag-boris45-es","tag-hospitaligualada-es"],"yoast_head":"<!-- This site is optimized with the Yoast SEO plugin v27.1.1 - https:\/\/yoast.com\/product\/yoast-seo-wordpress\/ -->\n<title>\u00a1El Hospital Universitario de Igualada recibe la acreditaci\u00f3n Amed en los espacios gestionados por Boris45! - Boris 45<\/title>\n<meta name=\"description\" content=\"Nos complace anunciar que el Hospital Universitario de Igualada ha sido acreditado con el distintivo Amed y el certificado de adhesi\u00f3n a la campa\u00f1a &quot;Aqu\u00ed\" \/>\n<meta name=\"robots\" content=\"noindex, follow, max-snippet:-1, max-image-preview:large, max-video-preview:-1\" \/>\n<meta property=\"og:locale\" content=\"es_ES\" \/>\n<meta property=\"og:type\" content=\"article\" \/>\n<meta property=\"og:title\" content=\"\u00a1El Hospital Universitario de Igualada recibe la acreditaci\u00f3n Amed en los espacios gestionados por Boris45! - Boris 45\" \/>\n<meta property=\"og:description\" content=\"Nos complace anunciar que el Hospital Universitario de Igualada ha sido acreditado con el distintivo Amed y el certificado de adhesi\u00f3n a la campa\u00f1a &quot;Aqu\u00ed\" \/>\n<meta property=\"og:url\" content=\"https:\/\/www.boris45.com\/lhospital-universitari-digualada-rep-lacreditacio-amed-als-espais-gestionats-per-boris45\/\" \/>\n<meta property=\"og:site_name\" content=\"Boris 45\" \/>\n<meta property=\"article:published_time\" content=\"2025-01-13T10:16:46+00:00\" \/>\n<meta property=\"article:modified_time\" content=\"2025-01-17T09:52:31+00:00\" \/>\n<meta property=\"og:image\" content=\"https:\/\/www.boris45.com\/wp-content\/uploads\/2025\/01\/boris-45-hospital-igualada.jpeg\" \/>\n\t<meta property=\"og:image:width\" content=\"2048\" \/>\n\t<meta property=\"og:image:height\" content=\"1192\" \/>\n\t<meta property=\"og:image:type\" content=\"image\/jpeg\" \/>\n<meta name=\"author\" content=\"elevenwebs\" \/>\n<meta name=\"twitter:card\" content=\"summary_large_image\" \/>\n<meta name=\"twitter:label1\" content=\"Escrito por\" \/>\n\t<meta name=\"twitter:data1\" content=\"elevenwebs\" \/>\n\t<meta name=\"twitter:label2\" content=\"Tiempo de lectura\" \/>\n\t<meta name=\"twitter:data2\" content=\"1 minuto\" \/>\n<script type=\"application\/ld+json\" class=\"yoast-schema-graph\">{\"@context\":\"https:\/\/schema.org\",\"@graph\":[{\"@type\":\"Article\",\"@id\":\"https:\/\/www.boris45.com\/lhospital-universitari-digualada-rep-lacreditacio-amed-als-espais-gestionats-per-boris45\/#article\",\"isPartOf\":{\"@id\":\"https:\/\/www.boris45.com\/lhospital-universitari-digualada-rep-lacreditacio-amed-als-espais-gestionats-per-boris45\/\"},\"author\":{\"name\":\"elevenwebs\",\"@id\":\"https:\/\/www.boris45.com\/#\/schema\/person\/a8d91d3754aeac108fd7e37617dbd82d\"},\"headline\":\"\u00a1El Hospital Universitario de Igualada recibe la acreditaci\u00f3n Amed en los espacios gestionados por Boris45!\",\"datePublished\":\"2025-01-13T10:16:46+00:00\",\"dateModified\":\"2025-01-17T09:52:31+00:00\",\"mainEntityOfPage\":{\"@id\":\"https:\/\/www.boris45.com\/lhospital-universitari-digualada-rep-lacreditacio-amed-als-espais-gestionats-per-boris45\/\"},\"wordCount\":210,\"commentCount\":0,\"publisher\":{\"@id\":\"https:\/\/www.boris45.com\/#organization\"},\"image\":{\"@id\":\"https:\/\/www.boris45.com\/lhospital-universitari-digualada-rep-lacreditacio-amed-als-espais-gestionats-per-boris45\/#primaryimage\"},\"thumbnailUrl\":\"https:\/\/www.boris45.com\/wp-content\/uploads\/2025\/01\/boris-45-hospital-igualada.jpeg\",\"keywords\":[\"#AMED\",\"#Boris45\",\"#hospitaligualada\"],\"articleSection\":[\"Sin categorizar\"],\"inLanguage\":\"es\",\"potentialAction\":[{\"@type\":\"CommentAction\",\"name\":\"Comment\",\"target\":[\"https:\/\/www.boris45.com\/lhospital-universitari-digualada-rep-lacreditacio-amed-als-espais-gestionats-per-boris45\/#respond\"]}]},{\"@type\":\"WebPage\",\"@id\":\"https:\/\/www.boris45.com\/lhospital-universitari-digualada-rep-lacreditacio-amed-als-espais-gestionats-per-boris45\/\",\"url\":\"https:\/\/www.boris45.com\/lhospital-universitari-digualada-rep-lacreditacio-amed-als-espais-gestionats-per-boris45\/\",\"name\":\"\u00a1El Hospital Universitario de Igualada recibe la acreditaci\u00f3n Amed en los espacios gestionados por Boris45! - Boris 45\",\"isPartOf\":{\"@id\":\"https:\/\/www.boris45.com\/#website\"},\"primaryImageOfPage\":{\"@id\":\"https:\/\/www.boris45.com\/lhospital-universitari-digualada-rep-lacreditacio-amed-als-espais-gestionats-per-boris45\/#primaryimage\"},\"image\":{\"@id\":\"https:\/\/www.boris45.com\/lhospital-universitari-digualada-rep-lacreditacio-amed-als-espais-gestionats-per-boris45\/#primaryimage\"},\"thumbnailUrl\":\"https:\/\/www.boris45.com\/wp-content\/uploads\/2025\/01\/boris-45-hospital-igualada.jpeg\",\"datePublished\":\"2025-01-13T10:16:46+00:00\",\"dateModified\":\"2025-01-17T09:52:31+00:00\",\"description\":\"Nos complace anunciar que el Hospital Universitario de Igualada ha sido acreditado con el distintivo Amed y el certificado de adhesi\u00f3n a la campa\u00f1a \\\"Aqu\u00ed\",\"breadcrumb\":{\"@id\":\"https:\/\/www.boris45.com\/lhospital-universitari-digualada-rep-lacreditacio-amed-als-espais-gestionats-per-boris45\/#breadcrumb\"},\"inLanguage\":\"es\",\"potentialAction\":[{\"@type\":\"ReadAction\",\"target\":[\"https:\/\/www.boris45.com\/lhospital-universitari-digualada-rep-lacreditacio-amed-als-espais-gestionats-per-boris45\/\"]}]},{\"@type\":\"ImageObject\",\"inLanguage\":\"es\",\"@id\":\"https:\/\/www.boris45.com\/lhospital-universitari-digualada-rep-lacreditacio-amed-als-espais-gestionats-per-boris45\/#primaryimage\",\"url\":\"https:\/\/www.boris45.com\/wp-content\/uploads\/2025\/01\/boris-45-hospital-igualada.jpeg\",\"contentUrl\":\"https:\/\/www.boris45.com\/wp-content\/uploads\/2025\/01\/boris-45-hospital-igualada.jpeg\",\"width\":2048,\"height\":1192},{\"@type\":\"BreadcrumbList\",\"@id\":\"https:\/\/www.boris45.com\/lhospital-universitari-digualada-rep-lacreditacio-amed-als-espais-gestionats-per-boris45\/#breadcrumb\",\"itemListElement\":[{\"@type\":\"ListItem\",\"position\":1,\"name\":\"Portada\",\"item\":\"https:\/\/www.boris45.com\/es\/inicio\/\"},{\"@type\":\"ListItem\",\"position\":2,\"name\":\"\u00a1El Hospital Universitario de Igualada recibe la acreditaci\u00f3n Amed en los espacios gestionados por Boris45!\"}]},{\"@type\":\"WebSite\",\"@id\":\"https:\/\/www.boris45.com\/#website\",\"url\":\"https:\/\/www.boris45.com\/\",\"name\":\"Boris 45\",\"description\":\"Serveis de Restauraci\u00f3 per a Col\u00b7lectivitats\",\"publisher\":{\"@id\":\"https:\/\/www.boris45.com\/#organization\"},\"potentialAction\":[{\"@type\":\"SearchAction\",\"target\":{\"@type\":\"EntryPoint\",\"urlTemplate\":\"https:\/\/www.boris45.com\/?s={search_term_string}\"},\"query-input\":{\"@type\":\"PropertyValueSpecification\",\"valueRequired\":true,\"valueName\":\"search_term_string\"}}],\"inLanguage\":\"es\"},{\"@type\":\"Organization\",\"@id\":\"https:\/\/www.boris45.com\/#organization\",\"name\":\"Boris 45\",\"url\":\"https:\/\/www.boris45.com\/\",\"logo\":{\"@type\":\"ImageObject\",\"inLanguage\":\"es\",\"@id\":\"https:\/\/www.boris45.com\/#\/schema\/logo\/image\/\",\"url\":\"https:\/\/www.boris45.com\/wp-content\/uploads\/2024\/11\/logo-boris-45-blanc.png\",\"contentUrl\":\"https:\/\/www.boris45.com\/wp-content\/uploads\/2024\/11\/logo-boris-45-blanc.png\",\"width\":845,\"height\":594,\"caption\":\"Boris 45\"},\"image\":{\"@id\":\"https:\/\/www.boris45.com\/#\/schema\/logo\/image\/\"}},{\"@type\":\"Person\",\"@id\":\"https:\/\/www.boris45.com\/#\/schema\/person\/a8d91d3754aeac108fd7e37617dbd82d\",\"name\":\"elevenwebs\",\"image\":{\"@type\":\"ImageObject\",\"inLanguage\":\"es\",\"@id\":\"https:\/\/www.boris45.com\/#\/schema\/person\/image\/\",\"url\":\"https:\/\/secure.gravatar.com\/avatar\/eb62249cc102d17f7c98fef495611ff49038b9be891928ef801d1b5f5ad76198?s=96&d=mm&r=g\",\"contentUrl\":\"https:\/\/secure.gravatar.com\/avatar\/eb62249cc102d17f7c98fef495611ff49038b9be891928ef801d1b5f5ad76198?s=96&d=mm&r=g\",\"caption\":\"elevenwebs\"},\"sameAs\":[\"https:\/\/www.boris45.com\"]}]}<\/script>\n<!-- \/ Yoast SEO plugin. -->","yoast_head_json":{"title":"\u00a1El Hospital Universitario de Igualada recibe la acreditaci\u00f3n Amed en los espacios gestionados por Boris45! - Boris 45","description":"Nos complace anunciar que el Hospital Universitario de Igualada ha sido acreditado con el distintivo Amed y el certificado de adhesi\u00f3n a la campa\u00f1a \"Aqu\u00ed","robots":{"index":"noindex","follow":"follow","max-snippet":"max-snippet:-1","max-image-preview":"max-image-preview:large","max-video-preview":"max-video-preview:-1"},"og_locale":"es_ES","og_type":"article","og_title":"\u00a1El Hospital Universitario de Igualada recibe la acreditaci\u00f3n Amed en los espacios gestionados por Boris45! - Boris 45","og_description":"Nos complace anunciar que el Hospital Universitario de Igualada ha sido acreditado con el distintivo Amed y el certificado de adhesi\u00f3n a la campa\u00f1a \"Aqu\u00ed","og_url":"https:\/\/www.boris45.com\/lhospital-universitari-digualada-rep-lacreditacio-amed-als-espais-gestionats-per-boris45\/","og_site_name":"Boris 45","article_published_time":"2025-01-13T10:16:46+00:00","article_modified_time":"2025-01-17T09:52:31+00:00","og_image":[{"width":2048,"height":1192,"url":"https:\/\/www.boris45.com\/wp-content\/uploads\/2025\/01\/boris-45-hospital-igualada.jpeg","type":"image\/jpeg"}],"author":"elevenwebs","twitter_card":"summary_large_image","twitter_misc":{"Escrito por":"elevenwebs","Tiempo de lectura":"1 minuto"},"schema":{"@context":"https:\/\/schema.org","@graph":[{"@type":"Article","@id":"https:\/\/www.boris45.com\/lhospital-universitari-digualada-rep-lacreditacio-amed-als-espais-gestionats-per-boris45\/#article","isPartOf":{"@id":"https:\/\/www.boris45.com\/lhospital-universitari-digualada-rep-lacreditacio-amed-als-espais-gestionats-per-boris45\/"},"author":{"name":"elevenwebs","@id":"https:\/\/www.boris45.com\/#\/schema\/person\/a8d91d3754aeac108fd7e37617dbd82d"},"headline":"\u00a1El Hospital Universitario de Igualada recibe la acreditaci\u00f3n Amed en los espacios gestionados por Boris45!","datePublished":"2025-01-13T10:16:46+00:00","dateModified":"2025-01-17T09:52:31+00:00","mainEntityOfPage":{"@id":"https:\/\/www.boris45.com\/lhospital-universitari-digualada-rep-lacreditacio-amed-als-espais-gestionats-per-boris45\/"},"wordCount":210,"commentCount":0,"publisher":{"@id":"https:\/\/www.boris45.com\/#organization"},"image":{"@id":"https:\/\/www.boris45.com\/lhospital-universitari-digualada-rep-lacreditacio-amed-als-espais-gestionats-per-boris45\/#primaryimage"},"thumbnailUrl":"https:\/\/www.boris45.com\/wp-content\/uploads\/2025\/01\/boris-45-hospital-igualada.jpeg","keywords":["#AMED","#Boris45","#hospitaligualada"],"articleSection":["Sin categorizar"],"inLanguage":"es","potentialAction":[{"@type":"CommentAction","name":"Comment","target":["https:\/\/www.boris45.com\/lhospital-universitari-digualada-rep-lacreditacio-amed-als-espais-gestionats-per-boris45\/#respond"]}]},{"@type":"WebPage","@id":"https:\/\/www.boris45.com\/lhospital-universitari-digualada-rep-lacreditacio-amed-als-espais-gestionats-per-boris45\/","url":"https:\/\/www.boris45.com\/lhospital-universitari-digualada-rep-lacreditacio-amed-als-espais-gestionats-per-boris45\/","name":"\u00a1El Hospital Universitario de Igualada recibe la acreditaci\u00f3n Amed en los espacios gestionados por Boris45! - Boris 45","isPartOf":{"@id":"https:\/\/www.boris45.com\/#website"},"primaryImageOfPage":{"@id":"https:\/\/www.boris45.com\/lhospital-universitari-digualada-rep-lacreditacio-amed-als-espais-gestionats-per-boris45\/#primaryimage"},"image":{"@id":"https:\/\/www.boris45.com\/lhospital-universitari-digualada-rep-lacreditacio-amed-als-espais-gestionats-per-boris45\/#primaryimage"},"thumbnailUrl":"https:\/\/www.boris45.com\/wp-content\/uploads\/2025\/01\/boris-45-hospital-igualada.jpeg","datePublished":"2025-01-13T10:16:46+00:00","dateModified":"2025-01-17T09:52:31+00:00","description":"Nos complace anunciar que el Hospital Universitario de Igualada ha sido acreditado con el distintivo Amed y el certificado de adhesi\u00f3n a la campa\u00f1a \"Aqu\u00ed","breadcrumb":{"@id":"https:\/\/www.boris45.com\/lhospital-universitari-digualada-rep-lacreditacio-amed-als-espais-gestionats-per-boris45\/#breadcrumb"},"inLanguage":"es","potentialAction":[{"@type":"ReadAction","target":["https:\/\/www.boris45.com\/lhospital-universitari-digualada-rep-lacreditacio-amed-als-espais-gestionats-per-boris45\/"]}]},{"@type":"ImageObject","inLanguage":"es","@id":"https:\/\/www.boris45.com\/lhospital-universitari-digualada-rep-lacreditacio-amed-als-espais-gestionats-per-boris45\/#primaryimage","url":"https:\/\/www.boris45.com\/wp-content\/uploads\/2025\/01\/boris-45-hospital-igualada.jpeg","contentUrl":"https:\/\/www.boris45.com\/wp-content\/uploads\/2025\/01\/boris-45-hospital-igualada.jpeg","width":2048,"height":1192},{"@type":"BreadcrumbList","@id":"https:\/\/www.boris45.com\/lhospital-universitari-digualada-rep-lacreditacio-amed-als-espais-gestionats-per-boris45\/#breadcrumb","itemListElement":[{"@type":"ListItem","position":1,"name":"Portada","item":"https:\/\/www.boris45.com\/es\/inicio\/"},{"@type":"ListItem","position":2,"name":"\u00a1El Hospital Universitario de Igualada recibe la acreditaci\u00f3n Amed en los espacios gestionados por Boris45!"}]},{"@type":"WebSite","@id":"https:\/\/www.boris45.com\/#website","url":"https:\/\/www.boris45.com\/","name":"Boris 45","description":"Serveis de Restauraci\u00f3 per a Col\u00b7lectivitats","publisher":{"@id":"https:\/\/www.boris45.com\/#organization"},"potentialAction":[{"@type":"SearchAction","target":{"@type":"EntryPoint","urlTemplate":"https:\/\/www.boris45.com\/?s={search_term_string}"},"query-input":{"@type":"PropertyValueSpecification","valueRequired":true,"valueName":"search_term_string"}}],"inLanguage":"es"},{"@type":"Organization","@id":"https:\/\/www.boris45.com\/#organization","name":"Boris 45","url":"https:\/\/www.boris45.com\/","logo":{"@type":"ImageObject","inLanguage":"es","@id":"https:\/\/www.boris45.com\/#\/schema\/logo\/image\/","url":"https:\/\/www.boris45.com\/wp-content\/uploads\/2024\/11\/logo-boris-45-blanc.png","contentUrl":"https:\/\/www.boris45.com\/wp-content\/uploads\/2024\/11\/logo-boris-45-blanc.png","width":845,"height":594,"caption":"Boris 45"},"image":{"@id":"https:\/\/www.boris45.com\/#\/schema\/logo\/image\/"}},{"@type":"Person","@id":"https:\/\/www.boris45.com\/#\/schema\/person\/a8d91d3754aeac108fd7e37617dbd82d","name":"elevenwebs","image":{"@type":"ImageObject","inLanguage":"es","@id":"https:\/\/www.boris45.com\/#\/schema\/person\/image\/","url":"https:\/\/secure.gravatar.com\/avatar\/eb62249cc102d17f7c98fef495611ff49038b9be891928ef801d1b5f5ad76198?s=96&d=mm&r=g","contentUrl":"https:\/\/secure.gravatar.com\/avatar\/eb62249cc102d17f7c98fef495611ff49038b9be891928ef801d1b5f5ad76198?s=96&d=mm&r=g","caption":"elevenwebs"},"sameAs":["https:\/\/www.boris45.com"]}]}},"_links":{"self":[{"href":"https:\/\/www.boris45.com\/es\/wp-json\/wp\/v2\/posts\/1777","targetHints":{"allow":["GET"]}}],"collection":[{"href":"https:\/\/www.boris45.com\/es\/wp-json\/wp\/v2\/posts"}],"about":[{"href":"https:\/\/www.boris45.com\/es\/wp-json\/wp\/v2\/types\/post"}],"author":[{"embeddable":true,"href":"https:\/\/www.boris45.com\/es\/wp-json\/wp\/v2\/users\/1"}],"replies":[{"embeddable":true,"href":"https:\/\/www.boris45.com\/es\/wp-json\/wp\/v2\/comments?post=1777"}],"version-history":[{"count":1,"href":"https:\/\/www.boris45.com\/es\/wp-json\/wp\/v2\/posts\/1777\/revisions"}],"predecessor-version":[{"id":1778,"href":"https:\/\/www.boris45.com\/es\/wp-json\/wp\/v2\/posts\/1777\/revisions\/1778"}],"wp:featuredmedia":[{"embeddable":true,"href":"https:\/\/www.boris45.com\/es\/wp-json\/wp\/v2\/media\/1622"}],"wp:attachment":[{"href":"https:\/\/www.boris45.com\/es\/wp-json\/wp\/v2\/media?parent=1777"}],"wp:term":[{"taxonomy":"category","embeddable":true,"href":"https:\/\/www.boris45.com\/es\/wp-json\/wp\/v2\/categories?post=1777"},{"taxonomy":"post_tag","embeddable":true,"href":"https:\/\/www.boris45.com\/es\/wp-json\/wp\/v2\/tags?post=1777"}],"curies":[{"name":"wp","href":"https:\/\/api.w.org\/{rel}","templated":true}]}}