{"id":2444,"date":"2025-07-23T07:51:41","date_gmt":"2025-07-23T05:51:41","guid":{"rendered":"https:\/\/www.boris45.com\/viajamos-a-grecia-sin-salir-de-casa\/"},"modified":"2025-07-23T07:56:48","modified_gmt":"2025-07-23T05:56:48","slug":"viajamos-a-grecia-sin-salir-de-casa","status":"publish","type":"post","link":"https:\/\/www.boris45.com\/es\/viajamos-a-grecia-sin-salir-de-casa\/","title":{"rendered":"\u00a1Viajamos a Grecia sin salir de casa!"},"content":{"rendered":"\n<p><em>El viernes 18 de julio celebramos la <strong>Jornada Gastron\u00f3mica Griega<\/strong> en la <strong>Residencia La Ginesta<\/strong>, en el Moian\u00e8s. Una propuesta pensada para hacer disfrutar a nuestros mayores con una experiencia culinaria y cultural diferente, llena de sabores, aromas y sonrisas. <\/em><\/p>\n\n<p><em>Moussaka, ensalada griega, yogur con frutas del bosque\u2026 \u00a1y una ambientaci\u00f3n que nos transport\u00f3 directamente a las islas del Mediterr\u00e1neo! Gracias al equipo de cocina y al personal del centro por hacerlo posible. <\/em><\/p>\n\n<p><em>En Boris 45, las <strong>jornadas gastron\u00f3micas<\/strong> son una forma de cuidar, sorprender y conectar con las emociones de los residentes. Porque alimentarse bien tambi\u00e9n significa <strong>disfrutar de la comida.<\/strong> <\/em><\/p>\n\n<figure class=\"wp-block-gallery has-nested-images columns-default is-cropped wp-block-gallery-1 is-layout-flex wp-block-gallery-is-layout-flex\">\n<figure class=\"wp-block-image size-large\"><img fetchpriority=\"high\" decoding=\"async\" width=\"1024\" height=\"576\" data-id=\"2436\" src=\"https:\/\/www.boris45.com\/wp-content\/uploads\/2025\/07\/jornada-gastronomica-grega-boris45-01-1024x576.jpg\" alt=\"\" class=\"wp-image-2436\" srcset=\"https:\/\/www.boris45.com\/wp-content\/uploads\/2025\/07\/jornada-gastronomica-grega-boris45-01-1024x576.jpg 1024w, https:\/\/www.boris45.com\/wp-content\/uploads\/2025\/07\/jornada-gastronomica-grega-boris45-01-300x169.jpg 300w, https:\/\/www.boris45.com\/wp-content\/uploads\/2025\/07\/jornada-gastronomica-grega-boris45-01-768x432.jpg 768w, https:\/\/www.boris45.com\/wp-content\/uploads\/2025\/07\/jornada-gastronomica-grega-boris45-01.jpg 1200w\" sizes=\"(max-width: 1024px) 100vw, 1024px\" \/><\/figure>\n\n\n\n<figure class=\"wp-block-image size-large\"><img decoding=\"async\" width=\"771\" height=\"1024\" data-id=\"2429\" src=\"https:\/\/www.boris45.com\/wp-content\/uploads\/2025\/07\/jornada-gastronomica-grega-boris45-02-771x1024.jpg\" alt=\"\" class=\"wp-image-2429\" srcset=\"https:\/\/www.boris45.com\/wp-content\/uploads\/2025\/07\/jornada-gastronomica-grega-boris45-02-771x1024.jpg 771w, https:\/\/www.boris45.com\/wp-content\/uploads\/2025\/07\/jornada-gastronomica-grega-boris45-02-226x300.jpg 226w, https:\/\/www.boris45.com\/wp-content\/uploads\/2025\/07\/jornada-gastronomica-grega-boris45-02-768x1021.jpg 768w, https:\/\/www.boris45.com\/wp-content\/uploads\/2025\/07\/jornada-gastronomica-grega-boris45-02-1156x1536.jpg 1156w, https:\/\/www.boris45.com\/wp-content\/uploads\/2025\/07\/jornada-gastronomica-grega-boris45-02.jpg 1204w\" sizes=\"(max-width: 771px) 100vw, 771px\" \/><\/figure>\n\n\n\n<figure class=\"wp-block-image size-large\"><img decoding=\"async\" width=\"771\" height=\"1024\" data-id=\"2441\" src=\"https:\/\/www.boris45.com\/wp-content\/uploads\/2025\/07\/jornada-gastronomica-grega-boris45-03-1-771x1024.jpg\" alt=\"\" class=\"wp-image-2441\" srcset=\"https:\/\/www.boris45.com\/wp-content\/uploads\/2025\/07\/jornada-gastronomica-grega-boris45-03-1-771x1024.jpg 771w, https:\/\/www.boris45.com\/wp-content\/uploads\/2025\/07\/jornada-gastronomica-grega-boris45-03-1-226x300.jpg 226w, https:\/\/www.boris45.com\/wp-content\/uploads\/2025\/07\/jornada-gastronomica-grega-boris45-03-1-768x1020.jpg 768w, https:\/\/www.boris45.com\/wp-content\/uploads\/2025\/07\/jornada-gastronomica-grega-boris45-03-1.jpg 800w\" sizes=\"(max-width: 771px) 100vw, 771px\" \/><\/figure>\n\n\n\n<figure class=\"wp-block-image size-large\"><img loading=\"lazy\" decoding=\"async\" width=\"771\" height=\"1024\" data-id=\"2431\" src=\"https:\/\/www.boris45.com\/wp-content\/uploads\/2025\/07\/jornada-gastronomica-grega-boris45-04-771x1024.jpg\" alt=\"\" class=\"wp-image-2431\" srcset=\"https:\/\/www.boris45.com\/wp-content\/uploads\/2025\/07\/jornada-gastronomica-grega-boris45-04-771x1024.jpg 771w, https:\/\/www.boris45.com\/wp-content\/uploads\/2025\/07\/jornada-gastronomica-grega-boris45-04-226x300.jpg 226w, https:\/\/www.boris45.com\/wp-content\/uploads\/2025\/07\/jornada-gastronomica-grega-boris45-04-768x1020.jpg 768w, https:\/\/www.boris45.com\/wp-content\/uploads\/2025\/07\/jornada-gastronomica-grega-boris45-04.jpg 800w\" sizes=\"(max-width: 771px) 100vw, 771px\" \/><\/figure>\n\n\n\n<figure class=\"wp-block-image size-large\"><img loading=\"lazy\" decoding=\"async\" width=\"1024\" height=\"771\" data-id=\"2434\" src=\"https:\/\/www.boris45.com\/wp-content\/uploads\/2025\/07\/jornada-gastronomica-grega-boris45-05-1024x771.jpg\" alt=\"\" class=\"wp-image-2434\" srcset=\"https:\/\/www.boris45.com\/wp-content\/uploads\/2025\/07\/jornada-gastronomica-grega-boris45-05-1024x771.jpg 1024w, https:\/\/www.boris45.com\/wp-content\/uploads\/2025\/07\/jornada-gastronomica-grega-boris45-05-300x226.jpg 300w, https:\/\/www.boris45.com\/wp-content\/uploads\/2025\/07\/jornada-gastronomica-grega-boris45-05-768x578.jpg 768w, https:\/\/www.boris45.com\/wp-content\/uploads\/2025\/07\/jornada-gastronomica-grega-boris45-05.jpg 1200w\" sizes=\"(max-width: 1024px) 100vw, 1024px\" \/><\/figure>\n\n\n\n<figure class=\"wp-block-image size-large\"><img loading=\"lazy\" decoding=\"async\" width=\"1024\" height=\"576\" data-id=\"2427\" src=\"https:\/\/www.boris45.com\/wp-content\/uploads\/2025\/07\/jornada-gastronomica-grega-boris45-06-1024x576.jpg\" alt=\"\" class=\"wp-image-2427\" srcset=\"https:\/\/www.boris45.com\/wp-content\/uploads\/2025\/07\/jornada-gastronomica-grega-boris45-06-1024x576.jpg 1024w, https:\/\/www.boris45.com\/wp-content\/uploads\/2025\/07\/jornada-gastronomica-grega-boris45-06-300x169.jpg 300w, https:\/\/www.boris45.com\/wp-content\/uploads\/2025\/07\/jornada-gastronomica-grega-boris45-06-768x432.jpg 768w, https:\/\/www.boris45.com\/wp-content\/uploads\/2025\/07\/jornada-gastronomica-grega-boris45-06.jpg 1200w\" sizes=\"(max-width: 1024px) 100vw, 1024px\" \/><\/figure>\n<\/figure>\n","protected":false},"excerpt":{"rendered":"<p>El viernes 18 de julio celebramos la Jornada Gastron\u00f3mica Griega en la Residencia La Ginesta, en el Moian\u00e8s. Una propuesta pensada para hacer disfrutar a nuestros mayores con una experiencia culinaria y cultural diferente, llena de sabores, aromas y sonrisas. Moussaka, ensalada griega, yogur con frutas del bosque\u2026 \u00a1y una ambientaci\u00f3n que nos transport\u00f3 directamente [&hellip;]<\/p>\n","protected":false},"author":1,"featured_media":2437,"comment_status":"open","ping_status":"open","sticky":false,"template":"","format":"standard","meta":{"footnotes":""},"categories":[12],"tags":[31,49,47,48],"class_list":["post-2444","post","type-post","status-publish","format-standard","has-post-thumbnail","hentry","category-sin-categorizar","tag-boris45-es","tag-grecia-es","tag-jornadagastronomica-es","tag-residenciaginesta-es"],"yoast_head":"<!-- This site is optimized with the Yoast SEO plugin v27.1.1 - https:\/\/yoast.com\/product\/yoast-seo-wordpress\/ -->\n<title>\u00a1Viajamos a Grecia sin salir de casa! - Boris 45<\/title>\n<meta name=\"description\" content=\"El viernes 18 de julio celebramos la Jornada Gastron\u00f3mica Griega en la Residencia La Ginesta, en el Moian\u00e8s. Una propuesta pensada para hacer disfrutar a\" \/>\n<meta name=\"robots\" content=\"noindex, follow, max-snippet:-1, max-image-preview:large, max-video-preview:-1\" \/>\n<meta property=\"og:locale\" content=\"es_ES\" \/>\n<meta property=\"og:type\" content=\"article\" \/>\n<meta property=\"og:title\" content=\"\u00a1Viajamos a Grecia sin salir de casa! - Boris 45\" \/>\n<meta property=\"og:description\" content=\"El viernes 18 de julio celebramos la Jornada Gastron\u00f3mica Griega en la Residencia La Ginesta, en el Moian\u00e8s. Una propuesta pensada para hacer disfrutar a\" \/>\n<meta property=\"og:url\" content=\"https:\/\/www.boris45.com\/es\/viajamos-a-grecia-sin-salir-de-casa\/\" \/>\n<meta property=\"og:site_name\" content=\"Boris 45\" \/>\n<meta property=\"article:published_time\" content=\"2025-07-23T05:51:41+00:00\" \/>\n<meta property=\"article:modified_time\" content=\"2025-07-23T05:56:48+00:00\" \/>\n<meta property=\"og:image\" content=\"https:\/\/www.boris45.com\/wp-content\/uploads\/2025\/07\/jornada-gastronomica-grega-boris45-01.jpg\" \/>\n\t<meta property=\"og:image:width\" content=\"1200\" \/>\n\t<meta property=\"og:image:height\" content=\"675\" \/>\n\t<meta property=\"og:image:type\" content=\"image\/jpeg\" \/>\n<meta name=\"author\" content=\"elevenwebs\" \/>\n<meta name=\"twitter:card\" content=\"summary_large_image\" \/>\n<meta name=\"twitter:label1\" content=\"Escrito por\" \/>\n\t<meta name=\"twitter:data1\" content=\"elevenwebs\" \/>\n\t<meta name=\"twitter:label2\" content=\"Tiempo de lectura\" \/>\n\t<meta name=\"twitter:data2\" content=\"1 minuto\" \/>\n<script type=\"application\/ld+json\" class=\"yoast-schema-graph\">{\"@context\":\"https:\/\/schema.org\",\"@graph\":[{\"@type\":\"Article\",\"@id\":\"https:\/\/www.boris45.com\/es\/viajamos-a-grecia-sin-salir-de-casa\/#article\",\"isPartOf\":{\"@id\":\"https:\/\/www.boris45.com\/es\/viajamos-a-grecia-sin-salir-de-casa\/\"},\"author\":{\"name\":\"elevenwebs\",\"@id\":\"https:\/\/www.boris45.com\/#\/schema\/person\/a8d91d3754aeac108fd7e37617dbd82d\"},\"headline\":\"\u00a1Viajamos a Grecia sin salir de casa!\",\"datePublished\":\"2025-07-23T05:51:41+00:00\",\"dateModified\":\"2025-07-23T05:56:48+00:00\",\"mainEntityOfPage\":{\"@id\":\"https:\/\/www.boris45.com\/es\/viajamos-a-grecia-sin-salir-de-casa\/\"},\"wordCount\":113,\"commentCount\":0,\"publisher\":{\"@id\":\"https:\/\/www.boris45.com\/#organization\"},\"image\":{\"@id\":\"https:\/\/www.boris45.com\/es\/viajamos-a-grecia-sin-salir-de-casa\/#primaryimage\"},\"thumbnailUrl\":\"https:\/\/www.boris45.com\/wp-content\/uploads\/2025\/07\/jornada-gastronomica-grega-boris45-01.jpg\",\"keywords\":[\"#Boris45\",\"grecia\",\"jornadagastronomica\",\"residenciaginesta\"],\"articleSection\":[\"Sin categorizar\"],\"inLanguage\":\"es\",\"potentialAction\":[{\"@type\":\"CommentAction\",\"name\":\"Comment\",\"target\":[\"https:\/\/www.boris45.com\/es\/viajamos-a-grecia-sin-salir-de-casa\/#respond\"]}]},{\"@type\":\"WebPage\",\"@id\":\"https:\/\/www.boris45.com\/es\/viajamos-a-grecia-sin-salir-de-casa\/\",\"url\":\"https:\/\/www.boris45.com\/es\/viajamos-a-grecia-sin-salir-de-casa\/\",\"name\":\"\u00a1Viajamos a Grecia sin salir de casa! - Boris 45\",\"isPartOf\":{\"@id\":\"https:\/\/www.boris45.com\/#website\"},\"primaryImageOfPage\":{\"@id\":\"https:\/\/www.boris45.com\/es\/viajamos-a-grecia-sin-salir-de-casa\/#primaryimage\"},\"image\":{\"@id\":\"https:\/\/www.boris45.com\/es\/viajamos-a-grecia-sin-salir-de-casa\/#primaryimage\"},\"thumbnailUrl\":\"https:\/\/www.boris45.com\/wp-content\/uploads\/2025\/07\/jornada-gastronomica-grega-boris45-01.jpg\",\"datePublished\":\"2025-07-23T05:51:41+00:00\",\"dateModified\":\"2025-07-23T05:56:48+00:00\",\"description\":\"El viernes 18 de julio celebramos la Jornada Gastron\u00f3mica Griega en la Residencia La Ginesta, en el Moian\u00e8s. Una propuesta pensada para hacer disfrutar a\",\"breadcrumb\":{\"@id\":\"https:\/\/www.boris45.com\/es\/viajamos-a-grecia-sin-salir-de-casa\/#breadcrumb\"},\"inLanguage\":\"es\",\"potentialAction\":[{\"@type\":\"ReadAction\",\"target\":[\"https:\/\/www.boris45.com\/es\/viajamos-a-grecia-sin-salir-de-casa\/\"]}]},{\"@type\":\"ImageObject\",\"inLanguage\":\"es\",\"@id\":\"https:\/\/www.boris45.com\/es\/viajamos-a-grecia-sin-salir-de-casa\/#primaryimage\",\"url\":\"https:\/\/www.boris45.com\/wp-content\/uploads\/2025\/07\/jornada-gastronomica-grega-boris45-01.jpg\",\"contentUrl\":\"https:\/\/www.boris45.com\/wp-content\/uploads\/2025\/07\/jornada-gastronomica-grega-boris45-01.jpg\",\"width\":1200,\"height\":675},{\"@type\":\"BreadcrumbList\",\"@id\":\"https:\/\/www.boris45.com\/es\/viajamos-a-grecia-sin-salir-de-casa\/#breadcrumb\",\"itemListElement\":[{\"@type\":\"ListItem\",\"position\":1,\"name\":\"Portada\",\"item\":\"https:\/\/www.boris45.com\/es\/inicio\/\"},{\"@type\":\"ListItem\",\"position\":2,\"name\":\"\u00a1Viajamos a Grecia sin salir de casa!\"}]},{\"@type\":\"WebSite\",\"@id\":\"https:\/\/www.boris45.com\/#website\",\"url\":\"https:\/\/www.boris45.com\/\",\"name\":\"Boris 45\",\"description\":\"Serveis de Restauraci\u00f3 per a Col\u00b7lectivitats\",\"publisher\":{\"@id\":\"https:\/\/www.boris45.com\/#organization\"},\"potentialAction\":[{\"@type\":\"SearchAction\",\"target\":{\"@type\":\"EntryPoint\",\"urlTemplate\":\"https:\/\/www.boris45.com\/?s={search_term_string}\"},\"query-input\":{\"@type\":\"PropertyValueSpecification\",\"valueRequired\":true,\"valueName\":\"search_term_string\"}}],\"inLanguage\":\"es\"},{\"@type\":\"Organization\",\"@id\":\"https:\/\/www.boris45.com\/#organization\",\"name\":\"Boris 45\",\"url\":\"https:\/\/www.boris45.com\/\",\"logo\":{\"@type\":\"ImageObject\",\"inLanguage\":\"es\",\"@id\":\"https:\/\/www.boris45.com\/#\/schema\/logo\/image\/\",\"url\":\"https:\/\/www.boris45.com\/wp-content\/uploads\/2024\/11\/logo-boris-45-blanc.png\",\"contentUrl\":\"https:\/\/www.boris45.com\/wp-content\/uploads\/2024\/11\/logo-boris-45-blanc.png\",\"width\":845,\"height\":594,\"caption\":\"Boris 45\"},\"image\":{\"@id\":\"https:\/\/www.boris45.com\/#\/schema\/logo\/image\/\"}},{\"@type\":\"Person\",\"@id\":\"https:\/\/www.boris45.com\/#\/schema\/person\/a8d91d3754aeac108fd7e37617dbd82d\",\"name\":\"elevenwebs\",\"image\":{\"@type\":\"ImageObject\",\"inLanguage\":\"es\",\"@id\":\"https:\/\/www.boris45.com\/#\/schema\/person\/image\/\",\"url\":\"https:\/\/secure.gravatar.com\/avatar\/eb62249cc102d17f7c98fef495611ff49038b9be891928ef801d1b5f5ad76198?s=96&d=mm&r=g\",\"contentUrl\":\"https:\/\/secure.gravatar.com\/avatar\/eb62249cc102d17f7c98fef495611ff49038b9be891928ef801d1b5f5ad76198?s=96&d=mm&r=g\",\"caption\":\"elevenwebs\"},\"sameAs\":[\"https:\/\/www.boris45.com\"]}]}<\/script>\n<!-- \/ Yoast SEO plugin. -->","yoast_head_json":{"title":"\u00a1Viajamos a Grecia sin salir de casa! - Boris 45","description":"El viernes 18 de julio celebramos la Jornada Gastron\u00f3mica Griega en la Residencia La Ginesta, en el Moian\u00e8s. Una propuesta pensada para hacer disfrutar a","robots":{"index":"noindex","follow":"follow","max-snippet":"max-snippet:-1","max-image-preview":"max-image-preview:large","max-video-preview":"max-video-preview:-1"},"og_locale":"es_ES","og_type":"article","og_title":"\u00a1Viajamos a Grecia sin salir de casa! - Boris 45","og_description":"El viernes 18 de julio celebramos la Jornada Gastron\u00f3mica Griega en la Residencia La Ginesta, en el Moian\u00e8s. Una propuesta pensada para hacer disfrutar a","og_url":"https:\/\/www.boris45.com\/es\/viajamos-a-grecia-sin-salir-de-casa\/","og_site_name":"Boris 45","article_published_time":"2025-07-23T05:51:41+00:00","article_modified_time":"2025-07-23T05:56:48+00:00","og_image":[{"width":1200,"height":675,"url":"https:\/\/www.boris45.com\/wp-content\/uploads\/2025\/07\/jornada-gastronomica-grega-boris45-01.jpg","type":"image\/jpeg"}],"author":"elevenwebs","twitter_card":"summary_large_image","twitter_misc":{"Escrito por":"elevenwebs","Tiempo de lectura":"1 minuto"},"schema":{"@context":"https:\/\/schema.org","@graph":[{"@type":"Article","@id":"https:\/\/www.boris45.com\/es\/viajamos-a-grecia-sin-salir-de-casa\/#article","isPartOf":{"@id":"https:\/\/www.boris45.com\/es\/viajamos-a-grecia-sin-salir-de-casa\/"},"author":{"name":"elevenwebs","@id":"https:\/\/www.boris45.com\/#\/schema\/person\/a8d91d3754aeac108fd7e37617dbd82d"},"headline":"\u00a1Viajamos a Grecia sin salir de casa!","datePublished":"2025-07-23T05:51:41+00:00","dateModified":"2025-07-23T05:56:48+00:00","mainEntityOfPage":{"@id":"https:\/\/www.boris45.com\/es\/viajamos-a-grecia-sin-salir-de-casa\/"},"wordCount":113,"commentCount":0,"publisher":{"@id":"https:\/\/www.boris45.com\/#organization"},"image":{"@id":"https:\/\/www.boris45.com\/es\/viajamos-a-grecia-sin-salir-de-casa\/#primaryimage"},"thumbnailUrl":"https:\/\/www.boris45.com\/wp-content\/uploads\/2025\/07\/jornada-gastronomica-grega-boris45-01.jpg","keywords":["#Boris45","grecia","jornadagastronomica","residenciaginesta"],"articleSection":["Sin categorizar"],"inLanguage":"es","potentialAction":[{"@type":"CommentAction","name":"Comment","target":["https:\/\/www.boris45.com\/es\/viajamos-a-grecia-sin-salir-de-casa\/#respond"]}]},{"@type":"WebPage","@id":"https:\/\/www.boris45.com\/es\/viajamos-a-grecia-sin-salir-de-casa\/","url":"https:\/\/www.boris45.com\/es\/viajamos-a-grecia-sin-salir-de-casa\/","name":"\u00a1Viajamos a Grecia sin salir de casa! - Boris 45","isPartOf":{"@id":"https:\/\/www.boris45.com\/#website"},"primaryImageOfPage":{"@id":"https:\/\/www.boris45.com\/es\/viajamos-a-grecia-sin-salir-de-casa\/#primaryimage"},"image":{"@id":"https:\/\/www.boris45.com\/es\/viajamos-a-grecia-sin-salir-de-casa\/#primaryimage"},"thumbnailUrl":"https:\/\/www.boris45.com\/wp-content\/uploads\/2025\/07\/jornada-gastronomica-grega-boris45-01.jpg","datePublished":"2025-07-23T05:51:41+00:00","dateModified":"2025-07-23T05:56:48+00:00","description":"El viernes 18 de julio celebramos la Jornada Gastron\u00f3mica Griega en la Residencia La Ginesta, en el Moian\u00e8s. Una propuesta pensada para hacer disfrutar a","breadcrumb":{"@id":"https:\/\/www.boris45.com\/es\/viajamos-a-grecia-sin-salir-de-casa\/#breadcrumb"},"inLanguage":"es","potentialAction":[{"@type":"ReadAction","target":["https:\/\/www.boris45.com\/es\/viajamos-a-grecia-sin-salir-de-casa\/"]}]},{"@type":"ImageObject","inLanguage":"es","@id":"https:\/\/www.boris45.com\/es\/viajamos-a-grecia-sin-salir-de-casa\/#primaryimage","url":"https:\/\/www.boris45.com\/wp-content\/uploads\/2025\/07\/jornada-gastronomica-grega-boris45-01.jpg","contentUrl":"https:\/\/www.boris45.com\/wp-content\/uploads\/2025\/07\/jornada-gastronomica-grega-boris45-01.jpg","width":1200,"height":675},{"@type":"BreadcrumbList","@id":"https:\/\/www.boris45.com\/es\/viajamos-a-grecia-sin-salir-de-casa\/#breadcrumb","itemListElement":[{"@type":"ListItem","position":1,"name":"Portada","item":"https:\/\/www.boris45.com\/es\/inicio\/"},{"@type":"ListItem","position":2,"name":"\u00a1Viajamos a Grecia sin salir de casa!"}]},{"@type":"WebSite","@id":"https:\/\/www.boris45.com\/#website","url":"https:\/\/www.boris45.com\/","name":"Boris 45","description":"Serveis de Restauraci\u00f3 per a Col\u00b7lectivitats","publisher":{"@id":"https:\/\/www.boris45.com\/#organization"},"potentialAction":[{"@type":"SearchAction","target":{"@type":"EntryPoint","urlTemplate":"https:\/\/www.boris45.com\/?s={search_term_string}"},"query-input":{"@type":"PropertyValueSpecification","valueRequired":true,"valueName":"search_term_string"}}],"inLanguage":"es"},{"@type":"Organization","@id":"https:\/\/www.boris45.com\/#organization","name":"Boris 45","url":"https:\/\/www.boris45.com\/","logo":{"@type":"ImageObject","inLanguage":"es","@id":"https:\/\/www.boris45.com\/#\/schema\/logo\/image\/","url":"https:\/\/www.boris45.com\/wp-content\/uploads\/2024\/11\/logo-boris-45-blanc.png","contentUrl":"https:\/\/www.boris45.com\/wp-content\/uploads\/2024\/11\/logo-boris-45-blanc.png","width":845,"height":594,"caption":"Boris 45"},"image":{"@id":"https:\/\/www.boris45.com\/#\/schema\/logo\/image\/"}},{"@type":"Person","@id":"https:\/\/www.boris45.com\/#\/schema\/person\/a8d91d3754aeac108fd7e37617dbd82d","name":"elevenwebs","image":{"@type":"ImageObject","inLanguage":"es","@id":"https:\/\/www.boris45.com\/#\/schema\/person\/image\/","url":"https:\/\/secure.gravatar.com\/avatar\/eb62249cc102d17f7c98fef495611ff49038b9be891928ef801d1b5f5ad76198?s=96&d=mm&r=g","contentUrl":"https:\/\/secure.gravatar.com\/avatar\/eb62249cc102d17f7c98fef495611ff49038b9be891928ef801d1b5f5ad76198?s=96&d=mm&r=g","caption":"elevenwebs"},"sameAs":["https:\/\/www.boris45.com"]}]}},"_links":{"self":[{"href":"https:\/\/www.boris45.com\/es\/wp-json\/wp\/v2\/posts\/2444","targetHints":{"allow":["GET"]}}],"collection":[{"href":"https:\/\/www.boris45.com\/es\/wp-json\/wp\/v2\/posts"}],"about":[{"href":"https:\/\/www.boris45.com\/es\/wp-json\/wp\/v2\/types\/post"}],"author":[{"embeddable":true,"href":"https:\/\/www.boris45.com\/es\/wp-json\/wp\/v2\/users\/1"}],"replies":[{"embeddable":true,"href":"https:\/\/www.boris45.com\/es\/wp-json\/wp\/v2\/comments?post=2444"}],"version-history":[{"count":1,"href":"https:\/\/www.boris45.com\/es\/wp-json\/wp\/v2\/posts\/2444\/revisions"}],"predecessor-version":[{"id":2445,"href":"https:\/\/www.boris45.com\/es\/wp-json\/wp\/v2\/posts\/2444\/revisions\/2445"}],"wp:featuredmedia":[{"embeddable":true,"href":"https:\/\/www.boris45.com\/es\/wp-json\/wp\/v2\/media\/2437"}],"wp:attachment":[{"href":"https:\/\/www.boris45.com\/es\/wp-json\/wp\/v2\/media?parent=2444"}],"wp:term":[{"taxonomy":"category","embeddable":true,"href":"https:\/\/www.boris45.com\/es\/wp-json\/wp\/v2\/categories?post=2444"},{"taxonomy":"post_tag","embeddable":true,"href":"https:\/\/www.boris45.com\/es\/wp-json\/wp\/v2\/tags?post=2444"}],"curies":[{"name":"wp","href":"https:\/\/api.w.org\/{rel}","templated":true}]}}